{"id":4654,"date":"2018-04-25T09:05:26","date_gmt":"2018-04-25T07:05:26","guid":{"rendered":"https:\/\/lymed.fi\/en\/?p=4654"},"modified":"2018-04-25T09:05:26","modified_gmt":"2018-04-25T07:05:26","slug":"lymed-is-preparing-for-the-eu-privacy-policy","status":"publish","type":"post","link":"https:\/\/lymed.fi\/en\/2018\/04\/25\/lymed-is-preparing-for-the-eu-privacy-policy\/","title":{"rendered":"Lymed is preparing for the EU Privacy Policy"},"content":{"rendered":"<p><span id=\"result_box\" class=\"\" lang=\"en\"><span title=\"EU: n yleinen tietosuoja-asetus 2016\/679 GDPR astuu voimaan 25.5.2018.\">EU General Data Protection Regulation 2016\/679 (GDPR) will enter into force on 25 May 2018. <\/span><span title=\"Asetuksen tarkoituksena on lis\u00e4t\u00e4 yksil\u00f6n oikeuksia omien henkil\u00f6tietojensa hallinnassa ja k\u00e4sittelyss\u00e4.\n\n\">The purpose of the regulation is to increase the individual&#8217;s rights in the management and processing of his \/ her own personal data.<\/p>\n<p><\/span><span title=\"Lymed Oy sitoutuu noudattamaan asetusta ja tavoitteenamme kehitt\u00e4\u00e4 toimintaamme mahdollisimman avoimesti.\">Lymed Oy complies with the regulation and our aim is to develop our operations as openly as possible. <\/span><span title=\"K\u00e4yt\u00e4nn\u00f6ss\u00e4 kaikki organisaatiot rekisterinpit\u00e4jin\u00e4 ja \/ tai henkil\u00f6tietojen k\u00e4sittelij\u00f6in\u00e4 valmistautuvat muutokseen.\">In practice, all organizations as registrars and \/ or personal data handlers are preparing for change. <\/span><span title=\"Lymed Oy: n tuotteiden valmistus ja toimittaminen edellytt\u00e4v\u00e4t henkil\u00f6tietojen k\u00e4sittely\u00e4 palvelun luonteen mukaisesti.\n\n\">The manufacturing and delivery of Lymed Oy&#8217;s products require processing of personal data, based on the nature of the service.<\/p>\n<p><\/span><span title=\"K\u00e4yt\u00e4nn\u00f6ss\u00e4 tietosuoja-asetuksessa valmistelu on katsaus ja analysointiin liittyv\u00e4 j\u00e4rjestelm\u00e4, uusien tietojen ker\u00e4\u00e4misen, raportoinnin ja poistotoiminnan luominen, tietojenk\u00e4sittelyn perusteiden tarkastelu, tietoturva-inventointi sek\u00e4 kirjallisten dokumenttien luominen.\n\n\">In practice, the preparation at Lymed means to review and analyse systems, to create new data gathering, reporting and removal processes, examine bases for data processing, analysing our security inventory and creating written documents.<\/p>\n<p><\/span><span title=\"Mik\u00e4 on GDPR?\n\n\"><strong>What is GDPR?<\/strong><\/p>\n<p><\/span><span title=\"GDPR in suomeksi EU: n tietosuoja-asetus.\">GDPR is an acronym for\u00a0<span class=\"st\">General Data Protection Regulation<\/span>. <\/span><span title=\"Asetus koskee erityisesti yrityksi\u00e4 ja organisaatioita, jotka toimassaan k\u00e4sittelev\u00e4t henkil\u00f6tietoja.\">The Regulation applies in particular to companies and organizations that process personal data in their operations. <\/span><span title=\"Asetusta sovelletaan siten kaikkiin henkil\u00f6ihin, jotka k\u00e4sittelev\u00e4t henkil\u00f6tietoja henkil\u00f6rekisteriss\u00e4.\n\n\">The Regulation therefore applies to all persons who process personal data in a personal register.<\/p>\n<p><\/span><span title=\"Henkil\u00f6rekistereit\u00e4 voi yritysess\u00e4 tyypillisesti synty\u00e4 tilanteissa, joissa k\u00e4sitell\u00e4\u00e4n ty\u00f6ntekij\u00f6iden tietoja, ker\u00e4t\u00e4\u00e4n asiakasrekisteri\u00e4, johon ker\u00e4t\u00e4\u00e4n tietoja asiakkaista ja osoitteista, yll\u00e4pidet\u00e4\u00e4n j\u00e4senrekisteri\u00e4 tai suoritetaan kulunvalvonta.\">Typically, a person&#8217;s registry may be created in situations where employee information is processed, a customer register is collected, which collects information about clients and addresses, maintains a member register, or performs access control. <\/span><span title=\"Jos sin\u00e4 k\u00e4sittelet henkil\u00f6tietoja omissa j\u00e4rjestelmiss\u00e4si, kannattaa tutustua viimeist\u00e4\u00e4n tietosuojavaltuutetun verkkosivuilla annettuihin ohjeisiin.\n\n\">If you are processing personal information on your own systems, you should check out the latest instructions provided by the Privacy Commissioner&#8217;s website.<\/p>\n<p><\/span><span title=\"Miten henkil\u00f6 voi tarkistaa omat tietonsa?\n\n\"><strong>How can a person check their own data?<\/strong><\/p>\n<p><\/span><span title=\"Henkil\u00f6ll\u00e4, jonka tietoja k\u00e4sitell\u00e4\u00e4n, on oikeus saada omat tietonsa rekister\u00f6ij\u00e4.\">The person whose data is processed is entitled to have his \/ her own data registered by the registrant. <\/span><span title=\"Lymed vastaa rekisterinpit\u00e4j\u00e4st\u00e4 vastauksesta antamisen asiakkaalle, jos tietoja tarkistusta koskeva pyynt\u00f6 koskee tuotteen valmistusta ja sen vuoksi tietoja s\u00e4ilytt\u00e4vi\u00e4 tietoja.\n\n\">Lymed is responsible for providing a reply to the controller when the request for verification concerns the manufacturing of the product and therefore information that is needed for it.<\/p>\n<p><\/span><span title=\"Silloin kun tietoja k\u00e4sitell\u00e4\u00e4n toimeksiantajan lukuun, kuten erillinen Lymed-tuotteet tilaajataho, on vastuu vastauksesta antamisesta toimeksiantajalla.\">When the information is handled on behalf of a client, such as a separate Lymed distributor or care personnel responsible for the orders, the client is responsible for answering the assignment. <\/span><span title=\"N\u00e4iss\u00e4 tilanteissa tulemme ty\u00f6skentelem\u00e4\u00e4n yhteisty\u00f6ss\u00e4 meid\u00e4n toimeksiantajien kanssa asianmukaisen ratkaisun ja vastauksen aikaansaamisen kanssa.\">In these situations, we will work in co-operation with our clients with the appropriate solution and response. <\/span><span title=\"Asetuksen mukaan toimitetaan henkil\u00f6lle kuukauden kuluessa.\n\n\">According to the regulation, an answer will be sent to a person within one month.<\/p>\n<p><\/span><span title=\"Mahdolliset tietoturvaloukkaukset ja niist\u00e4 raportointi\n\n\"><strong>Possible security breaches and reporting<\/strong><\/p>\n<p><\/span><span title=\"Mahdollisesta loukkauksesta on ilmoitettava henkil\u00f6lle, jonka tietoja loukkaus koskee, ilman aiheetonta viiv\u00e4styst\u00e4.\">Any violation must be reported to the person whose information is affected, without undue delay. <\/span><span title=\"Lymed noudattaa t\u00e4lt\u00e4 osin tietosuoja-asetuksen s\u00e4\u00e4nn\u00f6ksi\u00e4.\">Lymed complies with the provisions of the Data Protection Regulation in this respect. <\/span><span title=\"Mahdolliset tietoturvaloukkaukset k\u00e4sitell\u00e4\u00e4n tarkoituksenmukaisia ja tietosuoja-asetuksen vaatimuksia vastaavan toimintamallin mukaisesti.\">Possible security breaches are handled in accordance with an appropriate operating model that meets the requirements of the Privacy Policy.<\/span><\/span><\/p>\n","protected":false},"excerpt":{"rendered":"<p>EU General Data Protection Regulation 2016\/679 (GDPR) will enter into force on 25 May 2018. The purpose of the regulation is to increase the individual&#8217;s rights in the management and processing of his \/ her own personal data. Lymed Oy complies with the regulation and our aim is to develop our operations as openly as [&hellip;]<\/p>\n","protected":false},"author":2,"featured_media":0,"comment_status":"closed","ping_status":"open","sticky":false,"template":"","format":"standard","meta":{"_et_pb_use_builder":"","_et_pb_old_content":"","_et_gb_content_width":"","inline_featured_image":false,"footnotes":""},"categories":[66],"tags":[],"class_list":["post-4654","post","type-post","status-publish","format-standard","hentry","category-news"],"yoast_head":"<!-- This site is optimized with the Yoast SEO plugin v27.4 - https:\/\/yoast.com\/product\/yoast-seo-wordpress\/ -->\n<title>Lymed is preparing for the EU Privacy Policy - Lymed<\/title>\n<meta name=\"robots\" content=\"index, follow, max-snippet:-1, max-image-preview:large, max-video-preview:-1\" \/>\n<link rel=\"canonical\" href=\"https:\/\/lymed.fi\/en\/2018\/04\/25\/lymed-is-preparing-for-the-eu-privacy-policy\/\" \/>\n<meta property=\"og:locale\" content=\"en_US\" \/>\n<meta property=\"og:type\" content=\"article\" \/>\n<meta property=\"og:title\" content=\"Lymed is preparing for the EU Privacy Policy - Lymed\" \/>\n<meta property=\"og:description\" content=\"EU General Data Protection Regulation 2016\/679 (GDPR) will enter into force on 25 May 2018. The purpose of the regulation is to increase the individual&#8217;s rights in the management and processing of his \/ her own personal data. Lymed Oy complies with the regulation and our aim is to develop our operations as openly as [&hellip;]\" \/>\n<meta property=\"og:url\" content=\"https:\/\/lymed.fi\/en\/2018\/04\/25\/lymed-is-preparing-for-the-eu-privacy-policy\/\" \/>\n<meta property=\"og:site_name\" content=\"Lymed\" \/>\n<meta property=\"article:publisher\" content=\"https:\/\/www.facebook.com\/lymedoy\/\" \/>\n<meta property=\"article:published_time\" content=\"2018-04-25T07:05:26+00:00\" \/>\n<meta name=\"author\" content=\"lymed\" \/>\n<meta name=\"twitter:card\" content=\"summary_large_image\" \/>\n<meta name=\"twitter:label1\" content=\"Written by\" \/>\n\t<meta name=\"twitter:data1\" content=\"lymed\" \/>\n\t<meta name=\"twitter:label2\" content=\"Est. reading time\" \/>\n\t<meta name=\"twitter:data2\" content=\"2 minutes\" \/>\n<script type=\"application\/ld+json\" class=\"yoast-schema-graph\">{\"@context\":\"https:\\\/\\\/schema.org\",\"@graph\":[{\"@type\":\"Article\",\"@id\":\"https:\\\/\\\/lymed.fi\\\/en\\\/2018\\\/04\\\/25\\\/lymed-is-preparing-for-the-eu-privacy-policy\\\/#article\",\"isPartOf\":{\"@id\":\"https:\\\/\\\/lymed.fi\\\/en\\\/2018\\\/04\\\/25\\\/lymed-is-preparing-for-the-eu-privacy-policy\\\/\"},\"author\":{\"name\":\"lymed\",\"@id\":\"https:\\\/\\\/lymed.fi\\\/en\\\/#\\\/schema\\\/person\\\/6ee45eed4ba0a723c2e88fb78450f394\"},\"headline\":\"Lymed is preparing for the EU Privacy Policy\",\"datePublished\":\"2018-04-25T07:05:26+00:00\",\"mainEntityOfPage\":{\"@id\":\"https:\\\/\\\/lymed.fi\\\/en\\\/2018\\\/04\\\/25\\\/lymed-is-preparing-for-the-eu-privacy-policy\\\/\"},\"wordCount\":400,\"publisher\":{\"@id\":\"https:\\\/\\\/lymed.fi\\\/en\\\/#organization\"},\"articleSection\":[\"News\"],\"inLanguage\":\"en-US\"},{\"@type\":\"WebPage\",\"@id\":\"https:\\\/\\\/lymed.fi\\\/en\\\/2018\\\/04\\\/25\\\/lymed-is-preparing-for-the-eu-privacy-policy\\\/\",\"url\":\"https:\\\/\\\/lymed.fi\\\/en\\\/2018\\\/04\\\/25\\\/lymed-is-preparing-for-the-eu-privacy-policy\\\/\",\"name\":\"Lymed is preparing for the EU Privacy Policy - Lymed\",\"isPartOf\":{\"@id\":\"https:\\\/\\\/lymed.fi\\\/en\\\/#website\"},\"datePublished\":\"2018-04-25T07:05:26+00:00\",\"breadcrumb\":{\"@id\":\"https:\\\/\\\/lymed.fi\\\/en\\\/2018\\\/04\\\/25\\\/lymed-is-preparing-for-the-eu-privacy-policy\\\/#breadcrumb\"},\"inLanguage\":\"en-US\",\"potentialAction\":[{\"@type\":\"ReadAction\",\"target\":[\"https:\\\/\\\/lymed.fi\\\/en\\\/2018\\\/04\\\/25\\\/lymed-is-preparing-for-the-eu-privacy-policy\\\/\"]}]},{\"@type\":\"BreadcrumbList\",\"@id\":\"https:\\\/\\\/lymed.fi\\\/en\\\/2018\\\/04\\\/25\\\/lymed-is-preparing-for-the-eu-privacy-policy\\\/#breadcrumb\",\"itemListElement\":[{\"@type\":\"ListItem\",\"position\":1,\"name\":\"Lymed\",\"item\":\"https:\\\/\\\/lymed.fi\\\/en\\\/\"},{\"@type\":\"ListItem\",\"position\":2,\"name\":\"Lymed is preparing for the EU Privacy Policy\"}]},{\"@type\":\"WebSite\",\"@id\":\"https:\\\/\\\/lymed.fi\\\/en\\\/#website\",\"url\":\"https:\\\/\\\/lymed.fi\\\/en\\\/\",\"name\":\"Lymed\",\"description\":\"Pressure Garments from the Heart of Finland\",\"publisher\":{\"@id\":\"https:\\\/\\\/lymed.fi\\\/en\\\/#organization\"},\"potentialAction\":[{\"@type\":\"SearchAction\",\"target\":{\"@type\":\"EntryPoint\",\"urlTemplate\":\"https:\\\/\\\/lymed.fi\\\/en\\\/?s={search_term_string}\"},\"query-input\":{\"@type\":\"PropertyValueSpecification\",\"valueRequired\":true,\"valueName\":\"search_term_string\"}}],\"inLanguage\":\"en-US\"},{\"@type\":\"Organization\",\"@id\":\"https:\\\/\\\/lymed.fi\\\/en\\\/#organization\",\"name\":\"Lymed oy\",\"url\":\"https:\\\/\\\/lymed.fi\\\/en\\\/\",\"logo\":{\"@type\":\"ImageObject\",\"inLanguage\":\"en-US\",\"@id\":\"https:\\\/\\\/lymed.fi\\\/en\\\/#\\\/schema\\\/logo\\\/image\\\/\",\"url\":\"https:\\\/\\\/lymed.fi\\\/en\\\/wp-content\\\/uploads\\\/2022\\\/01\\\/lymed-logo.svg\",\"contentUrl\":\"https:\\\/\\\/lymed.fi\\\/en\\\/wp-content\\\/uploads\\\/2022\\\/01\\\/lymed-logo.svg\",\"width\":\"1024\",\"height\":\"1024\",\"caption\":\"Lymed oy\"},\"image\":{\"@id\":\"https:\\\/\\\/lymed.fi\\\/en\\\/#\\\/schema\\\/logo\\\/image\\\/\"},\"sameAs\":[\"https:\\\/\\\/www.facebook.com\\\/lymedoy\\\/\"]},{\"@type\":\"Person\",\"@id\":\"https:\\\/\\\/lymed.fi\\\/en\\\/#\\\/schema\\\/person\\\/6ee45eed4ba0a723c2e88fb78450f394\",\"name\":\"lymed\",\"url\":\"https:\\\/\\\/lymed.fi\\\/en\\\/author\\\/lymed\\\/\"}]}<\/script>\n<!-- \/ Yoast SEO plugin. -->","yoast_head_json":{"title":"Lymed is preparing for the EU Privacy Policy - Lymed","robots":{"index":"index","follow":"follow","max-snippet":"max-snippet:-1","max-image-preview":"max-image-preview:large","max-video-preview":"max-video-preview:-1"},"canonical":"https:\/\/lymed.fi\/en\/2018\/04\/25\/lymed-is-preparing-for-the-eu-privacy-policy\/","og_locale":"en_US","og_type":"article","og_title":"Lymed is preparing for the EU Privacy Policy - Lymed","og_description":"EU General Data Protection Regulation 2016\/679 (GDPR) will enter into force on 25 May 2018. The purpose of the regulation is to increase the individual&#8217;s rights in the management and processing of his \/ her own personal data. Lymed Oy complies with the regulation and our aim is to develop our operations as openly as [&hellip;]","og_url":"https:\/\/lymed.fi\/en\/2018\/04\/25\/lymed-is-preparing-for-the-eu-privacy-policy\/","og_site_name":"Lymed","article_publisher":"https:\/\/www.facebook.com\/lymedoy\/","article_published_time":"2018-04-25T07:05:26+00:00","author":"lymed","twitter_card":"summary_large_image","twitter_misc":{"Written by":"lymed","Est. reading time":"2 minutes"},"schema":{"@context":"https:\/\/schema.org","@graph":[{"@type":"Article","@id":"https:\/\/lymed.fi\/en\/2018\/04\/25\/lymed-is-preparing-for-the-eu-privacy-policy\/#article","isPartOf":{"@id":"https:\/\/lymed.fi\/en\/2018\/04\/25\/lymed-is-preparing-for-the-eu-privacy-policy\/"},"author":{"name":"lymed","@id":"https:\/\/lymed.fi\/en\/#\/schema\/person\/6ee45eed4ba0a723c2e88fb78450f394"},"headline":"Lymed is preparing for the EU Privacy Policy","datePublished":"2018-04-25T07:05:26+00:00","mainEntityOfPage":{"@id":"https:\/\/lymed.fi\/en\/2018\/04\/25\/lymed-is-preparing-for-the-eu-privacy-policy\/"},"wordCount":400,"publisher":{"@id":"https:\/\/lymed.fi\/en\/#organization"},"articleSection":["News"],"inLanguage":"en-US"},{"@type":"WebPage","@id":"https:\/\/lymed.fi\/en\/2018\/04\/25\/lymed-is-preparing-for-the-eu-privacy-policy\/","url":"https:\/\/lymed.fi\/en\/2018\/04\/25\/lymed-is-preparing-for-the-eu-privacy-policy\/","name":"Lymed is preparing for the EU Privacy Policy - Lymed","isPartOf":{"@id":"https:\/\/lymed.fi\/en\/#website"},"datePublished":"2018-04-25T07:05:26+00:00","breadcrumb":{"@id":"https:\/\/lymed.fi\/en\/2018\/04\/25\/lymed-is-preparing-for-the-eu-privacy-policy\/#breadcrumb"},"inLanguage":"en-US","potentialAction":[{"@type":"ReadAction","target":["https:\/\/lymed.fi\/en\/2018\/04\/25\/lymed-is-preparing-for-the-eu-privacy-policy\/"]}]},{"@type":"BreadcrumbList","@id":"https:\/\/lymed.fi\/en\/2018\/04\/25\/lymed-is-preparing-for-the-eu-privacy-policy\/#breadcrumb","itemListElement":[{"@type":"ListItem","position":1,"name":"Lymed","item":"https:\/\/lymed.fi\/en\/"},{"@type":"ListItem","position":2,"name":"Lymed is preparing for the EU Privacy Policy"}]},{"@type":"WebSite","@id":"https:\/\/lymed.fi\/en\/#website","url":"https:\/\/lymed.fi\/en\/","name":"Lymed","description":"Pressure Garments from the Heart of Finland","publisher":{"@id":"https:\/\/lymed.fi\/en\/#organization"},"potentialAction":[{"@type":"SearchAction","target":{"@type":"EntryPoint","urlTemplate":"https:\/\/lymed.fi\/en\/?s={search_term_string}"},"query-input":{"@type":"PropertyValueSpecification","valueRequired":true,"valueName":"search_term_string"}}],"inLanguage":"en-US"},{"@type":"Organization","@id":"https:\/\/lymed.fi\/en\/#organization","name":"Lymed oy","url":"https:\/\/lymed.fi\/en\/","logo":{"@type":"ImageObject","inLanguage":"en-US","@id":"https:\/\/lymed.fi\/en\/#\/schema\/logo\/image\/","url":"https:\/\/lymed.fi\/en\/wp-content\/uploads\/2022\/01\/lymed-logo.svg","contentUrl":"https:\/\/lymed.fi\/en\/wp-content\/uploads\/2022\/01\/lymed-logo.svg","width":"1024","height":"1024","caption":"Lymed oy"},"image":{"@id":"https:\/\/lymed.fi\/en\/#\/schema\/logo\/image\/"},"sameAs":["https:\/\/www.facebook.com\/lymedoy\/"]},{"@type":"Person","@id":"https:\/\/lymed.fi\/en\/#\/schema\/person\/6ee45eed4ba0a723c2e88fb78450f394","name":"lymed","url":"https:\/\/lymed.fi\/en\/author\/lymed\/"}]}},"_links":{"self":[{"href":"https:\/\/lymed.fi\/en\/wp-json\/wp\/v2\/posts\/4654","targetHints":{"allow":["GET"]}}],"collection":[{"href":"https:\/\/lymed.fi\/en\/wp-json\/wp\/v2\/posts"}],"about":[{"href":"https:\/\/lymed.fi\/en\/wp-json\/wp\/v2\/types\/post"}],"author":[{"embeddable":true,"href":"https:\/\/lymed.fi\/en\/wp-json\/wp\/v2\/users\/2"}],"replies":[{"embeddable":true,"href":"https:\/\/lymed.fi\/en\/wp-json\/wp\/v2\/comments?post=4654"}],"version-history":[{"count":0,"href":"https:\/\/lymed.fi\/en\/wp-json\/wp\/v2\/posts\/4654\/revisions"}],"wp:attachment":[{"href":"https:\/\/lymed.fi\/en\/wp-json\/wp\/v2\/media?parent=4654"}],"wp:term":[{"taxonomy":"category","embeddable":true,"href":"https:\/\/lymed.fi\/en\/wp-json\/wp\/v2\/categories?post=4654"},{"taxonomy":"post_tag","embeddable":true,"href":"https:\/\/lymed.fi\/en\/wp-json\/wp\/v2\/tags?post=4654"}],"curies":[{"name":"wp","href":"https:\/\/api.w.org\/{rel}","templated":true}]}}